{"id":24964,"date":"2023-08-09T15:20:36","date_gmt":"2023-08-09T13:20:36","guid":{"rendered":"https:\/\/www.luftbruecke-fuer-hunde.de\/_cms\/?p=24964"},"modified":"2023-08-09T15:20:36","modified_gmt":"2023-08-09T13:20:36","slug":"rolli-07-08-2023","status":"publish","type":"post","link":"https:\/\/www.luftbruecke-fuer-hunde.de\/_cms\/?p=24964","title":{"rendered":"Rolli + 07.08.2023"},"content":{"rendered":"<p>&nbsp;<\/p>\n<p><strong>Rolli, kastr. R\u00fcde, geb. 15.06.2007<\/strong><\/p>\n<p><a href=\"https:\/\/www.luftbruecke-fuer-hunde.de\/_cms\/wp-content\/uploads\/Rolli.jpg\"><img loading=\"lazy\" decoding=\"async\" class=\"alignnone size-full wp-image-24965\" src=\"https:\/\/www.luftbruecke-fuer-hunde.de\/_cms\/wp-content\/uploads\/Rolli.jpg\" alt=\"\" width=\"300\" height=\"400\" \/><\/a><\/p>\n<p>Hallo Frau Gerhardt,<\/p>\n<p>Sie k\u00f6nnen sich bestimmt noch an mich erinnern, Rolli. Ich bin der kleine Terrier-Mix und wurde von meiner Pflegemutti Heidi aufgep\u00e4ppelt, damit ich gut zu meinem neuen Zuhause in Deutschland komme.<\/p>\n<p>Ich habe von Anfang an sehr viel Spa\u00df, Freude und viele Freunde gehabt. Dadurch habe ich sehr gro\u00dfes Vertrauen zu meinem Herrchen aufgebaut und eine sehr intensive Bindung.<br \/>\nHeute muss ich Ihnen leider mitteilen, dass mein Herz schwach geworden ist und ich keine Kraft mehr hatte, weiterzumachen.<\/p>\n<p>Am 07. August 2023, um 13.00 Uhr hat mir mein Herrchen nach 820 Wochen und fast 4 Tagen, die ich bei ihm war, helfen m\u00fcssen, um \u00fcber die Regenbogenbr\u00fccke zu gehen und mich auf meinen letzten Weg zu begleiten.<\/p>\n<p>Liebe Frau Gerhardt,<\/p>\n<p>am 15. Juni 2023 hat Rolli noch seinen 16.-ten Geburtstag gefeiert. Unter gro\u00dfen Schmerzen und tiefster Trauer mussten wir gestern von Rolli (mit 16 Jahren und 54 Tagen) Abschied nehmen.<\/p>\n<p>St.B.<\/p>\n","protected":false},"excerpt":{"rendered":"<p>&nbsp; Rolli, kastr. R\u00fcde, geb. 15.06.2007 Hallo Frau Gerhardt, Sie k\u00f6nnen sich bestimmt noch an mich erinnern, Rolli. Ich bin der kleine Terrier-Mix und wurde von meiner Pflegemutti Heidi aufgep\u00e4ppelt, damit ich gut zu meinem neuen Zuhause in Deutschland komme. Ich habe von Anfang an sehr viel Spa\u00df, Freude und viele Freunde gehabt. Dadurch habe [&hellip;]<\/p>\n","protected":false},"author":1,"featured_media":0,"comment_status":"open","ping_status":"open","sticky":false,"template":"","format":"standard","meta":{"footnotes":""},"categories":[15,14],"tags":[],"class_list":["post-24964","post","type-post","status-publish","format-standard","hentry","category-alle","category-regenbogen"],"_links":{"self":[{"href":"https:\/\/www.luftbruecke-fuer-hunde.de\/_cms\/index.php?rest_route=\/wp\/v2\/posts\/24964","targetHints":{"allow":["GET"]}}],"collection":[{"href":"https:\/\/www.luftbruecke-fuer-hunde.de\/_cms\/index.php?rest_route=\/wp\/v2\/posts"}],"about":[{"href":"https:\/\/www.luftbruecke-fuer-hunde.de\/_cms\/index.php?rest_route=\/wp\/v2\/types\/post"}],"author":[{"embeddable":true,"href":"https:\/\/www.luftbruecke-fuer-hunde.de\/_cms\/index.php?rest_route=\/wp\/v2\/users\/1"}],"replies":[{"embeddable":true,"href":"https:\/\/www.luftbruecke-fuer-hunde.de\/_cms\/index.php?rest_route=%2Fwp%2Fv2%2Fcomments&post=24964"}],"version-history":[{"count":0,"href":"https:\/\/www.luftbruecke-fuer-hunde.de\/_cms\/index.php?rest_route=\/wp\/v2\/posts\/24964\/revisions"}],"wp:attachment":[{"href":"https:\/\/www.luftbruecke-fuer-hunde.de\/_cms\/index.php?rest_route=%2Fwp%2Fv2%2Fmedia&parent=24964"}],"wp:term":[{"taxonomy":"category","embeddable":true,"href":"https:\/\/www.luftbruecke-fuer-hunde.de\/_cms\/index.php?rest_route=%2Fwp%2Fv2%2Fcategories&post=24964"},{"taxonomy":"post_tag","embeddable":true,"href":"https:\/\/www.luftbruecke-fuer-hunde.de\/_cms\/index.php?rest_route=%2Fwp%2Fv2%2Ftags&post=24964"}],"curies":[{"name":"wp","href":"https:\/\/api.w.org\/{rel}","templated":true}]}}