{"id":22073,"date":"2019-11-17T17:18:12","date_gmt":"2019-11-17T15:18:12","guid":{"rendered":"http:\/\/www.luftbruecke-fuer-hunde.de\/_cms\/?p=22073"},"modified":"2019-11-17T17:18:12","modified_gmt":"2019-11-17T15:18:12","slug":"felix-14-10-2019","status":"publish","type":"post","link":"https:\/\/www.luftbruecke-fuer-hunde.de\/_cms\/?p=22073","title":{"rendered":"Felix + 14.10.2019"},"content":{"rendered":"<p><a href=\"http:\/\/www.luftbruecke-fuer-hunde.de\/_cms\/wp-content\/uploads\/felix5_-1.jpg\"><img loading=\"lazy\" decoding=\"async\" class=\"alignnone size-medium wp-image-22040\" src=\"http:\/\/www.luftbruecke-fuer-hunde.de\/_cms\/wp-content\/uploads\/felix5_-1-300x384.jpg\" alt=\"\" width=\"300\" height=\"384\" \/><\/a><\/p>\n<p>Guten Morgen Frau Gerhardt,<\/p>\n<p>wir haben unseren Felix schweren Herzens von unserem Tierarzt am 14.10.19 erl\u00f6sen lassen m\u00fcssen. Er litt zum Schluss neben seinen schmerzhaften Organproblemen zus\u00e4tzlich stark an\u00a0 Altersdemenz.<\/p>\n<p>Er hat die letzten f\u00fcr Ihn wundervollen Jahre in unserem Haus in Unterw\u00f6ssen am Chiemsee gelebt.<\/p>\n<p>Wir danken Ihnen f\u00fcr Ihre gro\u00dfartige Arbeit und w\u00fcnschen Ihnen weiter viele erfolgreiche Vermittlungen.<\/p>\n<p>Viele Gr\u00fc\u00dfe vom Chiemsee<\/p>\n","protected":false},"excerpt":{"rendered":"<p>Guten Morgen Frau Gerhardt, wir haben unseren Felix schweren Herzens von unserem Tierarzt am 14.10.19 erl\u00f6sen lassen m\u00fcssen. Er litt zum Schluss neben seinen schmerzhaften Organproblemen zus\u00e4tzlich stark an\u00a0 Altersdemenz. Er hat die letzten f\u00fcr Ihn wundervollen Jahre in unserem Haus in Unterw\u00f6ssen am Chiemsee gelebt. Wir danken Ihnen f\u00fcr Ihre gro\u00dfartige Arbeit und w\u00fcnschen [&hellip;]<\/p>\n","protected":false},"author":1,"featured_media":0,"comment_status":"open","ping_status":"open","sticky":false,"template":"","format":"standard","meta":{"footnotes":""},"categories":[15,14],"tags":[],"class_list":["post-22073","post","type-post","status-publish","format-standard","hentry","category-alle","category-regenbogen"],"_links":{"self":[{"href":"https:\/\/www.luftbruecke-fuer-hunde.de\/_cms\/index.php?rest_route=\/wp\/v2\/posts\/22073","targetHints":{"allow":["GET"]}}],"collection":[{"href":"https:\/\/www.luftbruecke-fuer-hunde.de\/_cms\/index.php?rest_route=\/wp\/v2\/posts"}],"about":[{"href":"https:\/\/www.luftbruecke-fuer-hunde.de\/_cms\/index.php?rest_route=\/wp\/v2\/types\/post"}],"author":[{"embeddable":true,"href":"https:\/\/www.luftbruecke-fuer-hunde.de\/_cms\/index.php?rest_route=\/wp\/v2\/users\/1"}],"replies":[{"embeddable":true,"href":"https:\/\/www.luftbruecke-fuer-hunde.de\/_cms\/index.php?rest_route=%2Fwp%2Fv2%2Fcomments&post=22073"}],"version-history":[{"count":0,"href":"https:\/\/www.luftbruecke-fuer-hunde.de\/_cms\/index.php?rest_route=\/wp\/v2\/posts\/22073\/revisions"}],"wp:attachment":[{"href":"https:\/\/www.luftbruecke-fuer-hunde.de\/_cms\/index.php?rest_route=%2Fwp%2Fv2%2Fmedia&parent=22073"}],"wp:term":[{"taxonomy":"category","embeddable":true,"href":"https:\/\/www.luftbruecke-fuer-hunde.de\/_cms\/index.php?rest_route=%2Fwp%2Fv2%2Fcategories&post=22073"},{"taxonomy":"post_tag","embeddable":true,"href":"https:\/\/www.luftbruecke-fuer-hunde.de\/_cms\/index.php?rest_route=%2Fwp%2Fv2%2Ftags&post=22073"}],"curies":[{"name":"wp","href":"https:\/\/api.w.org\/{rel}","templated":true}]}}