{"id":21126,"date":"2019-05-06T18:09:59","date_gmt":"2019-05-06T16:09:59","guid":{"rendered":"http:\/\/www.luftbruecke-fuer-hunde.de\/_cms\/?p=21126"},"modified":"2019-05-08T21:06:49","modified_gmt":"2019-05-08T19:06:49","slug":"fam","status":"publish","type":"post","link":"https:\/\/www.luftbruecke-fuer-hunde.de\/_cms\/?p=21126","title":{"rendered":"Fam jetzt Fame ist ein Gl\u00fcckspilz"},"content":{"rendered":"<p><strong>Fam, H\u00fcndin, kastr., ca. 4 Jahre, ca. 26 cm<\/strong><\/p>\n<p><a href=\"http:\/\/www.luftbruecke-fuer-hunde.de\/_cms\/wp-content\/uploads\/Famkopf.jpg\"><img loading=\"lazy\" decoding=\"async\" class=\"alignnone size-medium wp-image-21127\" src=\"http:\/\/www.luftbruecke-fuer-hunde.de\/_cms\/wp-content\/uploads\/Famkopf-300x262.jpg\" alt=\"\" width=\"300\" height=\"262\" srcset=\"https:\/\/www.luftbruecke-fuer-hunde.de\/_cms\/wp-content\/uploads\/Famkopf-300x262.jpg 300w, https:\/\/www.luftbruecke-fuer-hunde.de\/_cms\/wp-content\/uploads\/Famkopf-768x670.jpg 768w, https:\/\/www.luftbruecke-fuer-hunde.de\/_cms\/wp-content\/uploads\/Famkopf.jpg 814w\" sizes=\"auto, (max-width: 300px) 100vw, 300px\" \/><\/a><\/p>\n<p>Fam wurde gefunden und sa\u00df 3 Tage in einem Zwinger der \u00f6rtlichen Polizeistation &#8211; niemand hat sie vermi\u00dft. So kam sie dann zu unserer Tiersch\u00fctzerin und wurde bereits tier\u00e4rztlich untersucht. Eine Impfung ist im Moment noch nicht m\u00f6glich &#8211; die kleine Maus mu\u00df erst einmal gep\u00e4ppelt werden.<\/p>\n<p>Fam ist noch sehr zur\u00fcckhaltend, wei\u00df aber schon wo es Futter und auch Streicheleinheiten gibt.<\/p>\n<p>Info\u00b4s folgen&#8230;..<\/p>\n<p><a href=\"http:\/\/www.luftbruecke-fuer-hunde.de\/_cms\/wp-content\/uploads\/Fam01.jpg\"><img loading=\"lazy\" decoding=\"async\" class=\"alignnone size-medium wp-image-21128\" src=\"http:\/\/www.luftbruecke-fuer-hunde.de\/_cms\/wp-content\/uploads\/Fam01-300x400.jpg\" alt=\"\" width=\"300\" height=\"400\" srcset=\"https:\/\/www.luftbruecke-fuer-hunde.de\/_cms\/wp-content\/uploads\/Fam01-300x400.jpg 300w, https:\/\/www.luftbruecke-fuer-hunde.de\/_cms\/wp-content\/uploads\/Fam01-768x1024.jpg 768w, https:\/\/www.luftbruecke-fuer-hunde.de\/_cms\/wp-content\/uploads\/Fam01.jpg 1200w\" sizes=\"auto, (max-width: 300px) 100vw, 300px\" \/><\/a><a href=\"http:\/\/www.luftbruecke-fuer-hunde.de\/_cms\/wp-content\/uploads\/Fam04.jpg\"><img loading=\"lazy\" decoding=\"async\" class=\"alignnone size-medium wp-image-21129\" src=\"http:\/\/www.luftbruecke-fuer-hunde.de\/_cms\/wp-content\/uploads\/Fam04-300x400.jpg\" alt=\"\" width=\"300\" height=\"400\" srcset=\"https:\/\/www.luftbruecke-fuer-hunde.de\/_cms\/wp-content\/uploads\/Fam04-300x400.jpg 300w, https:\/\/www.luftbruecke-fuer-hunde.de\/_cms\/wp-content\/uploads\/Fam04-768x1024.jpg 768w, https:\/\/www.luftbruecke-fuer-hunde.de\/_cms\/wp-content\/uploads\/Fam04.jpg 1200w\" sizes=\"auto, (max-width: 300px) 100vw, 300px\" \/><\/a><\/p>\n","protected":false},"excerpt":{"rendered":"<p>Fam, H\u00fcndin, kastr., ca. 4 Jahre, ca. 26 cm Fam wurde gefunden und sa\u00df 3 Tage in einem Zwinger der \u00f6rtlichen Polizeistation &#8211; niemand hat sie vermi\u00dft. So kam sie dann zu unserer Tiersch\u00fctzerin und wurde bereits tier\u00e4rztlich untersucht. Eine Impfung ist im Moment noch nicht m\u00f6glich &#8211; die kleine Maus mu\u00df erst einmal gep\u00e4ppelt [&hellip;]<\/p>\n","protected":false},"author":1,"featured_media":0,"comment_status":"open","ping_status":"open","sticky":false,"template":"","format":"standard","meta":{"footnotes":""},"categories":[15,243],"tags":[],"class_list":["post-21126","post","type-post","status-publish","format-standard","hentry","category-alle","category-glueckspilze-2019"],"_links":{"self":[{"href":"https:\/\/www.luftbruecke-fuer-hunde.de\/_cms\/index.php?rest_route=\/wp\/v2\/posts\/21126","targetHints":{"allow":["GET"]}}],"collection":[{"href":"https:\/\/www.luftbruecke-fuer-hunde.de\/_cms\/index.php?rest_route=\/wp\/v2\/posts"}],"about":[{"href":"https:\/\/www.luftbruecke-fuer-hunde.de\/_cms\/index.php?rest_route=\/wp\/v2\/types\/post"}],"author":[{"embeddable":true,"href":"https:\/\/www.luftbruecke-fuer-hunde.de\/_cms\/index.php?rest_route=\/wp\/v2\/users\/1"}],"replies":[{"embeddable":true,"href":"https:\/\/www.luftbruecke-fuer-hunde.de\/_cms\/index.php?rest_route=%2Fwp%2Fv2%2Fcomments&post=21126"}],"version-history":[{"count":0,"href":"https:\/\/www.luftbruecke-fuer-hunde.de\/_cms\/index.php?rest_route=\/wp\/v2\/posts\/21126\/revisions"}],"wp:attachment":[{"href":"https:\/\/www.luftbruecke-fuer-hunde.de\/_cms\/index.php?rest_route=%2Fwp%2Fv2%2Fmedia&parent=21126"}],"wp:term":[{"taxonomy":"category","embeddable":true,"href":"https:\/\/www.luftbruecke-fuer-hunde.de\/_cms\/index.php?rest_route=%2Fwp%2Fv2%2Fcategories&post=21126"},{"taxonomy":"post_tag","embeddable":true,"href":"https:\/\/www.luftbruecke-fuer-hunde.de\/_cms\/index.php?rest_route=%2Fwp%2Fv2%2Ftags&post=21126"}],"curies":[{"name":"wp","href":"https:\/\/api.w.org\/{rel}","templated":true}]}}